{"id":20714,"date":"2025-11-26T15:40:09","date_gmt":"2025-11-26T13:40:09","guid":{"rendered":"https:\/\/frankevents.ee\/uncategorized\/kontsertlavastus-mis-viis-vaatajad-rannakule-labi-kaubanduskoja-ajaloo\/"},"modified":"2026-01-23T10:25:49","modified_gmt":"2026-01-23T08:25:49","slug":"kontsertlavastus-mis-viis-vaatajad-rannakule-labi-kaubanduskoja-ajaloo","status":"publish","type":"post","link":"https:\/\/frankevents.ee\/en\/news\/kontsertlavastus-mis-viis-vaatajad-rannakule-labi-kaubanduskoja-ajaloo\/","title":{"rendered":"A musical production guiding the audience through the Chamber of Commerce\u2019s history"},"content":{"rendered":"<h4 data-start=\"337\" data-end=\"753\"><\/h4>\n<div class=\"flex flex-col text-sm pb-25\">\n<article class=\"text-token-text-primary w-full focus:outline-none [--shadow-height:45px] has-data-writing-block:pointer-events-none has-data-writing-block:-mt-(--shadow-height) has-data-writing-block:pt-(--shadow-height) [&amp;:has([data-writing-block])&gt;*]:pointer-events-auto scroll-mt-[calc(var(--header-height)+min(200px,max(70px,20svh)))]\" dir=\"auto\" data-turn-id=\"request-WEB:5783106c-deba-43ba-9636-2ff92ec733fd-24\" data-testid=\"conversation-turn-50\" data-scroll-anchor=\"true\" data-turn=\"assistant\" tabindex=\"-1\">\n<div class=\"text-base my-auto mx-auto pb-10 [--thread-content-margin:--spacing(4)] @w-sm\/main:[--thread-content-margin:--spacing(6)] @w-lg\/main:[--thread-content-margin:--spacing(16)] px-(--thread-content-margin)\">\n<div class=\"[--thread-content-max-width:40rem] @w-lg\/main:[--thread-content-max-width:48rem] mx-auto max-w-(--thread-content-max-width) flex-1 group\/turn-messages focus-visible:outline-hidden relative flex w-full min-w-0 flex-col agent-turn\" tabindex=\"-1\">\n<div class=\"flex max-w-full flex-col grow\">\n<div data-message-author-role=\"assistant\" data-message-id=\"55abf8f1-2fea-45ae-9b9c-9c3405d8b802\" dir=\"auto\" class=\"min-h-8 text-message relative flex w-full flex-col items-end gap-2 text-start break-words whitespace-normal [.text-message+&amp;]:mt-1\" data-message-model-slug=\"gpt-5-mini\">\n<div class=\"flex w-full flex-col gap-1 empty:hidden first:pt-[1px]\">\n<div class=\"markdown prose dark:prose-invert w-full wrap-break-word light markdown-new-styling\">\n<blockquote data-start=\"41\" data-end=\"281\" data-is-last-node=\"\" data-is-only-node=\"\">\n<h3 data-start=\"43\" data-end=\"281\">The 100th anniversary event of the Estonian Chamber of Commerce and Industry brought together key members of the business community and leading voices in entrepreneurship at the Cruise Terminal. We were honored to organize this event.<\/h3>\n<\/blockquote>\n<\/div>\n<\/div>\n<\/div>\n<\/div>\n<\/div>\n<\/div>\n<\/article>\n<\/div>\n<div id='gallery-1' class='gallery galleryid-20714 gallery-columns-3 gallery-size-thumbnail'><figure class='gallery-item'>\n\t\t\t<div class='gallery-icon landscape'>\n\t\t\t\t<a href='https:\/\/frankevents.ee\/wp-content\/uploads\/Koda100-2655.jpg'><img width=\"300\" height=\"300\" src=\"https:\/\/frankevents.ee\/wp-content\/uploads\/Koda100-2655-300x300.jpg\" class=\"attachment-thumbnail size-thumbnail\" alt=\"Koda 100 juubeli\u00fcritus Kruiisiterminalis\" \/><\/a>\n\t\t\t<\/div><\/figure><figure class='gallery-item'>\n\t\t\t<div class='gallery-icon landscape'>\n\t\t\t\t<a href='https:\/\/frankevents.ee\/wp-content\/uploads\/Koda100-2955.jpg'><img width=\"300\" height=\"300\" src=\"https:\/\/frankevents.ee\/wp-content\/uploads\/Koda100-2955-300x300.jpg\" class=\"attachment-thumbnail size-thumbnail\" alt=\"Koda 100 juubeli\u00fcritus Kruiisiterminalis ja president Alar Karis\" \/><\/a>\n\t\t\t<\/div><\/figure><figure class='gallery-item'>\n\t\t\t<div class='gallery-icon landscape'>\n\t\t\t\t<a href='https:\/\/frankevents.ee\/wp-content\/uploads\/Koda100-2930.jpg'><img width=\"300\" height=\"300\" src=\"https:\/\/frankevents.ee\/wp-content\/uploads\/Koda100-2930-300x300.jpg\" class=\"attachment-thumbnail size-thumbnail\" alt=\"Koda 100 juubeli\u00fcritus Kruiisiterminalis ja president Alar Karis\" \/><\/a>\n\t\t\t<\/div><\/figure>\n\t\t<\/div>\n\n<p data-start=\"755\" data-end=\"998\">\n<div class=\"flex flex-col text-sm pb-25\">\n<article class=\"text-token-text-primary w-full focus:outline-none [--shadow-height:45px] has-data-writing-block:pointer-events-none has-data-writing-block:-mt-(--shadow-height) has-data-writing-block:pt-(--shadow-height) [&amp;:has([data-writing-block])&gt;*]:pointer-events-auto scroll-mt-[calc(var(--header-height)+min(200px,max(70px,20svh)))]\" dir=\"auto\" data-turn-id=\"request-WEB:5783106c-deba-43ba-9636-2ff92ec733fd-25\" data-testid=\"conversation-turn-52\" data-scroll-anchor=\"true\" data-turn=\"assistant\" tabindex=\"-1\">\n<div class=\"text-base my-auto mx-auto pb-10 [--thread-content-margin:--spacing(4)] @w-sm\/main:[--thread-content-margin:--spacing(6)] @w-lg\/main:[--thread-content-margin:--spacing(16)] px-(--thread-content-margin)\">\n<div class=\"[--thread-content-max-width:40rem] @w-lg\/main:[--thread-content-max-width:48rem] mx-auto max-w-(--thread-content-max-width) flex-1 group\/turn-messages focus-visible:outline-hidden relative flex w-full min-w-0 flex-col agent-turn\" tabindex=\"-1\">\n<div class=\"flex max-w-full flex-col grow\">\n<div data-message-author-role=\"assistant\" data-message-id=\"2ff4ef7d-d703-4cff-b9fb-ecbc67fae75a\" dir=\"auto\" class=\"min-h-8 text-message relative flex w-full flex-col items-end gap-2 text-start break-words whitespace-normal [.text-message+&amp;]:mt-1\" data-message-model-slug=\"gpt-5-mini\">\n<div class=\"flex w-full flex-col gap-1 empty:hidden first:pt-[1px]\">\n<div class=\"markdown prose dark:prose-invert w-full wrap-break-word light markdown-new-styling\">\n<p data-start=\"47\" data-end=\"629\" data-is-last-node=\"\" data-is-only-node=\"\">The central element of the event was a special stage production titled <strong data-start=\"118\" data-end=\"134\">\u201cOn the Way\u201d<\/strong>, which wove together stories, pivotal moments, and a vision from the past hundred years, illustrating why the Chamber of Commerce is such a vital force in Estonia\u2019s business landscape. The production was directed by <strong data-start=\"351\" data-end=\"369\">Taavi T\u00f5nisson<\/strong>, the musical world was created by <strong data-start=\"404\" data-end=\"418\">Siim Aimla<\/strong>, and the choreography was led by <strong data-start=\"452\" data-end=\"465\">Liisi Org<\/strong>. Thanks to this creative trio, the audience witnessed a century-long journey unfold\u2014from a dignified past, through today\u2019s present, to the ambitions of the future.<\/p>\n<\/div>\n<\/div>\n<\/div>\n<\/div>\n<\/div>\n<\/div>\n<\/article>\n<\/div>\n<div id='gallery-2' class='gallery galleryid-20714 gallery-columns-3 gallery-size-thumbnail'><figure class='gallery-item'>\n\t\t\t<div class='gallery-icon landscape'>\n\t\t\t\t<a href='https:\/\/frankevents.ee\/wp-content\/uploads\/Koda100-3175.jpg'><img width=\"300\" height=\"300\" src=\"https:\/\/frankevents.ee\/wp-content\/uploads\/Koda100-3175-300x300.jpg\" class=\"attachment-thumbnail size-thumbnail\" alt=\"Kaubanduskoja 100. juubeli\u00fcritus Kruiisiterminalis\" \/><\/a>\n\t\t\t<\/div><\/figure><figure class='gallery-item'>\n\t\t\t<div class='gallery-icon landscape'>\n\t\t\t\t<a href='https:\/\/frankevents.ee\/wp-content\/uploads\/Koda100-3250.jpg'><img width=\"300\" height=\"300\" src=\"https:\/\/frankevents.ee\/wp-content\/uploads\/Koda100-3250-300x300.jpg\" class=\"attachment-thumbnail size-thumbnail\" alt=\"Kaubanduskoja 100. juubeli\u00fcritus Kruiisiterminalis\" \/><\/a>\n\t\t\t<\/div><\/figure><figure class='gallery-item'>\n\t\t\t<div class='gallery-icon landscape'>\n\t\t\t\t<a href='https:\/\/frankevents.ee\/wp-content\/uploads\/Koda100-3319.jpg'><img width=\"300\" height=\"300\" src=\"https:\/\/frankevents.ee\/wp-content\/uploads\/Koda100-3319-300x300.jpg\" class=\"attachment-thumbnail size-thumbnail\" alt=\"Kaubanduskoja 100. juubeli\u00fcritus Kruiisiterminalis\" \/><\/a>\n\t\t\t<\/div><\/figure><figure class='gallery-item'>\n\t\t\t<div class='gallery-icon portrait'>\n\t\t\t\t<a href='https:\/\/frankevents.ee\/wp-content\/uploads\/Koda100-3695.jpg'><img width=\"300\" height=\"300\" src=\"https:\/\/frankevents.ee\/wp-content\/uploads\/Koda100-3695-300x300.jpg\" class=\"attachment-thumbnail size-thumbnail\" alt=\"Kaubanduskoja 100. juubeli\u00fcritus Kruiisiterminalis\" \/><\/a>\n\t\t\t<\/div><\/figure><figure class='gallery-item'>\n\t\t\t<div class='gallery-icon landscape'>\n\t\t\t\t<a href='https:\/\/frankevents.ee\/wp-content\/uploads\/Koda100-3721.jpg'><img width=\"300\" height=\"300\" src=\"https:\/\/frankevents.ee\/wp-content\/uploads\/Koda100-3721-300x300.jpg\" class=\"attachment-thumbnail size-thumbnail\" alt=\"Kaubanduskoja 100. juubeli\u00fcritus Kruiisiterminalis\" \/><\/a>\n\t\t\t<\/div><\/figure><figure class='gallery-item'>\n\t\t\t<div class='gallery-icon portrait'>\n\t\t\t\t<a href='https:\/\/frankevents.ee\/wp-content\/uploads\/Koda100-3665.jpg'><img width=\"300\" height=\"300\" src=\"https:\/\/frankevents.ee\/wp-content\/uploads\/Koda100-3665-300x300.jpg\" class=\"attachment-thumbnail size-thumbnail\" alt=\"Kaubanduskoja 100. juubeli\u00fcritus Kruiisiterminalis\" \/><\/a>\n\t\t\t<\/div><\/figure><figure class='gallery-item'>\n\t\t\t<div class='gallery-icon portrait'>\n\t\t\t\t<a href='https:\/\/frankevents.ee\/wp-content\/uploads\/Koda100-3799.jpg'><img width=\"300\" height=\"300\" src=\"https:\/\/frankevents.ee\/wp-content\/uploads\/Koda100-3799-300x300.jpg\" class=\"attachment-thumbnail size-thumbnail\" alt=\"Elina Netsajeva\" \/><\/a>\n\t\t\t<\/div><\/figure><figure class='gallery-item'>\n\t\t\t<div class='gallery-icon portrait'>\n\t\t\t\t<a href='https:\/\/frankevents.ee\/wp-content\/uploads\/Koda100-3855.jpg'><img width=\"300\" height=\"300\" src=\"https:\/\/frankevents.ee\/wp-content\/uploads\/Koda100-3855-300x300.jpg\" class=\"attachment-thumbnail size-thumbnail\" alt=\"Elina Netsajeva\" \/><\/a>\n\t\t\t<\/div><\/figure><figure class='gallery-item'>\n\t\t\t<div class='gallery-icon landscape'>\n\t\t\t\t<a href='https:\/\/frankevents.ee\/wp-content\/uploads\/Koda100-3451.jpg'><img width=\"300\" height=\"300\" src=\"https:\/\/frankevents.ee\/wp-content\/uploads\/Koda100-3451-300x300.jpg\" class=\"attachment-thumbnail size-thumbnail\" alt=\"Kaubanduskoja 100. juubeli\u00fcritus Kruiisiterminalis\" \/><\/a>\n\t\t\t<\/div><\/figure><figure class='gallery-item'>\n\t\t\t<div class='gallery-icon landscape'>\n\t\t\t\t<a href='https:\/\/frankevents.ee\/wp-content\/uploads\/Koda100-3591.jpg'><img width=\"300\" height=\"300\" src=\"https:\/\/frankevents.ee\/wp-content\/uploads\/Koda100-3591-300x300.jpg\" class=\"attachment-thumbnail size-thumbnail\" alt=\"Kaubanduskoja 100. juubeli\u00fcritus Kruiisiterminalis\" \/><\/a>\n\t\t\t<\/div><\/figure><figure class='gallery-item'>\n\t\t\t<div class='gallery-icon landscape'>\n\t\t\t\t<a href='https:\/\/frankevents.ee\/wp-content\/uploads\/Koda100-3880.jpg'><img width=\"300\" height=\"300\" src=\"https:\/\/frankevents.ee\/wp-content\/uploads\/Koda100-3880-300x300.jpg\" class=\"attachment-thumbnail size-thumbnail\" alt=\"Kaubanduskoja 100. juubeli\u00fcritus Kruiisiterminalis\" \/><\/a>\n\t\t\t<\/div><\/figure>\n\t\t<\/div>\n\n<p data-start=\"60\" data-end=\"179\"><strong data-start=\"60\" data-end=\"106\">Frank Events\u2019 project manager Taavi Puuorg<\/strong> described creating the production as a \u201ctough but exciting challenge\u201d:<\/p>\n<blockquote data-start=\"181\" data-end=\"603\">\n<p data-start=\"183\" data-end=\"603\">\u201cThe brief was very intriguing\u2014how do you compress a century\u2019s worth of stories into just half an hour? The solution lay in balance: on one hand, a deep respect for the Chamber\u2019s history, and on the other, the desire to present the story to people playfully and with warm humor. While the Chamber is a venerable institution, it aims today to be increasingly innovative, modern, and supportive of societal development.\u201d<\/p>\n<\/blockquote>\n<p data-start=\"605\" data-end=\"858\">The production concluded with a scene celebrating the present, where a robotic camera projected the audience onto the screen to symbolize the future. This became the core message of the evening: <strong data-start=\"800\" data-end=\"856\">the present is us, and together we shape the future.<\/strong><\/p>\n<p data-start=\"860\" data-end=\"1215\" data-is-last-node=\"\" data-is-only-node=\"\">At the event, the Chairman of the Chamber, <strong data-start=\"903\" data-end=\"922\">Oliver V\u00e4\u00e4rtn\u00f5u<\/strong>, awarded the <strong data-start=\"936\" data-end=\"967\">First Class Medal of Honour<\/strong> to <strong data-start=\"971\" data-end=\"987\">Toomas Luman<\/strong> for his long-standing contribution to leading the Chamber and developing Estonian entrepreneurship. In cooperation with the <strong data-start=\"1112\" data-end=\"1135\">Ministry of Defence<\/strong>, an auction was held that raised <strong data-start=\"1169\" data-end=\"1180\">\u20ac14,700<\/strong> for the Reserve Forces Foundation.<\/p>\n<div class=\"x14z9mp xat24cr x1lziwak x1vvkbs xtlvy1s x126k92a\">\n<div dir=\"auto\"><\/div>\n<\/div>\n<div id='gallery-3' class='gallery galleryid-20714 gallery-columns-3 gallery-size-thumbnail'><figure class='gallery-item'>\n\t\t\t<div class='gallery-icon landscape'>\n\t\t\t\t<a href='https:\/\/frankevents.ee\/wp-content\/uploads\/Koda100-2675.jpg'><img width=\"300\" height=\"300\" src=\"https:\/\/frankevents.ee\/wp-content\/uploads\/Koda100-2675-300x300.jpg\" class=\"attachment-thumbnail size-thumbnail\" alt=\"Koja 100. juubeli\u00fcritus\" \/><\/a>\n\t\t\t<\/div><\/figure><figure class='gallery-item'>\n\t\t\t<div class='gallery-icon landscape'>\n\t\t\t\t<a href='https:\/\/frankevents.ee\/wp-content\/uploads\/Koda100-4426.jpg'><img width=\"300\" height=\"300\" src=\"https:\/\/frankevents.ee\/wp-content\/uploads\/Koda100-4426-300x300.jpg\" class=\"attachment-thumbnail size-thumbnail\" alt=\"Koja 100. juubeli\u00fcritus\" \/><\/a>\n\t\t\t<\/div><\/figure><figure class='gallery-item'>\n\t\t\t<div class='gallery-icon portrait'>\n\t\t\t\t<a href='https:\/\/frankevents.ee\/wp-content\/uploads\/Koda100-4079.jpg'><img width=\"300\" height=\"300\" src=\"https:\/\/frankevents.ee\/wp-content\/uploads\/Koda100-4079-300x300.jpg\" class=\"attachment-thumbnail size-thumbnail\" alt=\"leho luukas\" \/><\/a>\n\t\t\t<\/div><\/figure><figure class='gallery-item'>\n\t\t\t<div class='gallery-icon portrait'>\n\t\t\t\t<a href='https:\/\/frankevents.ee\/wp-content\/uploads\/Koda100-4050.jpg'><img width=\"300\" height=\"300\" src=\"https:\/\/frankevents.ee\/wp-content\/uploads\/Koda100-4050-300x300.jpg\" class=\"attachment-thumbnail size-thumbnail\" alt=\"kaisa selde\" \/><\/a>\n\t\t\t<\/div><\/figure><figure class='gallery-item'>\n\t\t\t<div class='gallery-icon portrait'>\n\t\t\t\t<a href='https:\/\/frankevents.ee\/wp-content\/uploads\/Koda100-4329.jpg'><img width=\"300\" height=\"300\" src=\"https:\/\/frankevents.ee\/wp-content\/uploads\/Koda100-4329-300x300.jpg\" class=\"attachment-thumbnail size-thumbnail\" alt=\"ollie\" \/><\/a>\n\t\t\t<\/div><\/figure><figure class='gallery-item'>\n\t\t\t<div class='gallery-icon landscape'>\n\t\t\t\t<a href='https:\/\/frankevents.ee\/wp-content\/uploads\/Koda100-4807.jpg'><img width=\"300\" height=\"300\" src=\"https:\/\/frankevents.ee\/wp-content\/uploads\/Koda100-4807-300x300.jpg\" class=\"attachment-thumbnail size-thumbnail\" alt=\"dj mihkel eller\" \/><\/a>\n\t\t\t<\/div><\/figure>\n\t\t<\/div>\n\n<p data-start=\"47\" data-end=\"475\">We are deeply honored and delighted to have contributed to the Chamber\u2019s 100th anniversary event. Our sincerest thanks to the Chamber of Commerce for their trust. Special thanks to everyone involved in the concert production\u2014on stage, behind the scenes, in the air, and alongside us: <strong data-start=\"331\" data-end=\"456\">Taavi T\u00f5nisson, Siim Aimla, Liisi Org, Elina Nechayeva, Lydia Rahula Boys\u2019 Choir, Jaan Roose, Showstoppers dancers, Ollie<\/strong>, and the actors.<\/p>\n<p data-start=\"477\" data-end=\"725\">We are also grateful to our collaborators who contributed and supported the event: <strong data-start=\"560\" data-end=\"694\">Space Productions, P\u00f5hjala Catering, Meeskond Security, Kokteilid.ee, Cruise Terminal, Dekov\u00e4gi, DJ Mihkel Eller, host Kaisa Selde<\/strong>, and <strong data-start=\"700\" data-end=\"722\">Photobooth Estonia<\/strong>.<\/p>\n<p data-start=\"727\" data-end=\"752\"><strong data-start=\"727\" data-end=\"738\">Photos:<\/strong> Mihkel Leis<\/p>\n<p data-start=\"754\" data-end=\"841\" data-is-last-node=\"\" data-is-only-node=\"\">You can also watch highlights from the event on video.<br data-start=\"808\" data-end=\"811\" \/><strong data-start=\"811\" data-end=\"828\">Videographer:<\/strong> Raino Parder<\/p>\n<p><iframe loading=\"lazy\" title=\"Eesti Kaubandus-T\u00f6\u00f6stuskoja 100. juubel 15.11.2025\" src=\"https:\/\/player.vimeo.com\/video\/1140307002?dnt=1&amp;app_id=122963\" width=\"1240\" height=\"698\" frameborder=\"0\" allow=\"autoplay; fullscreen; picture-in-picture; clipboard-write; encrypted-media; web-share\" referrerpolicy=\"strict-origin-when-cross-origin\"><\/iframe><\/p>\n<p>&nbsp;<\/p>\n","protected":false},"excerpt":{"rendered":"<p>The 100th anniversary event of the Estonian Chamber of Commerce and Industry brought together key members of the business community and leading voices in entrepreneurship at the Cruise Terminal. We were honored to organize this event. The central element of the event was a special stage production titled \u201cOn the Way\u201d, which wove together stories, [&hellip;]<\/p>\n<p><a class=\"readmore\" href=\"https:\/\/frankevents.ee\/en\/news\/kontsertlavastus-mis-viis-vaatajad-rannakule-labi-kaubanduskoja-ajaloo\/\">Read more<\/a><\/p>\n","protected":false},"author":7,"featured_media":20168,"comment_status":"closed","ping_status":"closed","sticky":false,"template":"","format":"standard","meta":{"_acf_changed":false,"footnotes":""},"categories":[5],"tags":[],"class_list":["post-20714","post","type-post","status-publish","format-standard","has-post-thumbnail","hentry","category-news","news","catid-5"],"acf":[],"yoast_head":"<!-- This site is optimized with the Yoast SEO plugin v27.5 - https:\/\/yoast.com\/product\/yoast-seo-wordpress\/ -->\n<title>A musical production guiding the audience through the Chamber of Commerce\u2019s history - Frank Events<\/title>\n<meta name=\"description\" content=\"This event brought together leading voices in entrepreneurship at the Cruise Terminal. We were honored to organize the event. Read more!\" \/>\n<meta name=\"robots\" content=\"index, follow, max-snippet:-1, max-image-preview:large, max-video-preview:-1\" \/>\n<link rel=\"canonical\" href=\"https:\/\/frankevents.ee\/en\/news\/kontsertlavastus-mis-viis-vaatajad-rannakule-labi-kaubanduskoja-ajaloo\/\" \/>\n<meta property=\"og:locale\" content=\"en_US\" \/>\n<meta property=\"og:type\" content=\"article\" \/>\n<meta property=\"og:title\" content=\"A musical production guiding the audience through the Chamber of Commerce\u2019s history - Frank Events\" \/>\n<meta property=\"og:description\" content=\"This event brought together leading voices in entrepreneurship at the Cruise Terminal. We were honored to organize the event. Read more!\" \/>\n<meta property=\"og:url\" content=\"https:\/\/frankevents.ee\/en\/news\/kontsertlavastus-mis-viis-vaatajad-rannakule-labi-kaubanduskoja-ajaloo\/\" \/>\n<meta property=\"og:site_name\" content=\"Frank Events\" \/>\n<meta property=\"article:publisher\" content=\"https:\/\/www.facebook.com\/frankevents.ee\" \/>\n<meta property=\"article:published_time\" content=\"2025-11-26T13:40:09+00:00\" \/>\n<meta property=\"article:modified_time\" content=\"2026-01-23T08:25:49+00:00\" \/>\n<meta property=\"og:image\" content=\"https:\/\/frankevents.ee\/wp-content\/uploads\/Koda100-2655.jpg\" \/>\n\t<meta property=\"og:image:width\" content=\"1600\" \/>\n\t<meta property=\"og:image:height\" content=\"1067\" \/>\n\t<meta property=\"og:image:type\" content=\"image\/jpeg\" \/>\n<meta name=\"author\" content=\"lisbeth\" \/>\n<meta name=\"twitter:card\" content=\"summary_large_image\" \/>\n<meta name=\"twitter:label1\" content=\"Written by\" \/>\n\t<meta name=\"twitter:data1\" content=\"lisbeth\" \/>\n\t<meta name=\"twitter:label2\" content=\"Est. reading time\" \/>\n\t<meta name=\"twitter:data2\" content=\"3 minutes\" \/>\n<script type=\"application\/ld+json\" class=\"yoast-schema-graph\">{\"@context\":\"https:\\\/\\\/schema.org\",\"@graph\":[{\"@type\":\"Article\",\"@id\":\"https:\\\/\\\/frankevents.ee\\\/en\\\/news\\\/kontsertlavastus-mis-viis-vaatajad-rannakule-labi-kaubanduskoja-ajaloo\\\/#article\",\"isPartOf\":{\"@id\":\"https:\\\/\\\/frankevents.ee\\\/en\\\/news\\\/kontsertlavastus-mis-viis-vaatajad-rannakule-labi-kaubanduskoja-ajaloo\\\/\"},\"author\":{\"name\":\"lisbeth\",\"@id\":\"https:\\\/\\\/frankevents.ee\\\/en\\\/#\\\/schema\\\/person\\\/e5170854cf3fb755f6b6a8c48820323c\"},\"headline\":\"A musical production guiding the audience through the Chamber of Commerce\u2019s history\",\"datePublished\":\"2025-11-26T13:40:09+00:00\",\"dateModified\":\"2026-01-23T08:25:49+00:00\",\"mainEntityOfPage\":{\"@id\":\"https:\\\/\\\/frankevents.ee\\\/en\\\/news\\\/kontsertlavastus-mis-viis-vaatajad-rannakule-labi-kaubanduskoja-ajaloo\\\/\"},\"wordCount\":466,\"publisher\":{\"@id\":\"https:\\\/\\\/frankevents.ee\\\/en\\\/#organization\"},\"image\":{\"@id\":\"https:\\\/\\\/frankevents.ee\\\/en\\\/news\\\/kontsertlavastus-mis-viis-vaatajad-rannakule-labi-kaubanduskoja-ajaloo\\\/#primaryimage\"},\"thumbnailUrl\":\"https:\\\/\\\/frankevents.ee\\\/wp-content\\\/uploads\\\/Koda100-2655.jpg\",\"articleSection\":[\"News\"],\"inLanguage\":\"en-US\"},{\"@type\":\"WebPage\",\"@id\":\"https:\\\/\\\/frankevents.ee\\\/en\\\/news\\\/kontsertlavastus-mis-viis-vaatajad-rannakule-labi-kaubanduskoja-ajaloo\\\/\",\"url\":\"https:\\\/\\\/frankevents.ee\\\/en\\\/news\\\/kontsertlavastus-mis-viis-vaatajad-rannakule-labi-kaubanduskoja-ajaloo\\\/\",\"name\":\"A musical production guiding the audience through the Chamber of Commerce\u2019s history - Frank Events\",\"isPartOf\":{\"@id\":\"https:\\\/\\\/frankevents.ee\\\/en\\\/#website\"},\"primaryImageOfPage\":{\"@id\":\"https:\\\/\\\/frankevents.ee\\\/en\\\/news\\\/kontsertlavastus-mis-viis-vaatajad-rannakule-labi-kaubanduskoja-ajaloo\\\/#primaryimage\"},\"image\":{\"@id\":\"https:\\\/\\\/frankevents.ee\\\/en\\\/news\\\/kontsertlavastus-mis-viis-vaatajad-rannakule-labi-kaubanduskoja-ajaloo\\\/#primaryimage\"},\"thumbnailUrl\":\"https:\\\/\\\/frankevents.ee\\\/wp-content\\\/uploads\\\/Koda100-2655.jpg\",\"datePublished\":\"2025-11-26T13:40:09+00:00\",\"dateModified\":\"2026-01-23T08:25:49+00:00\",\"description\":\"This event brought together leading voices in entrepreneurship at the Cruise Terminal. We were honored to organize the event. Read more!\",\"breadcrumb\":{\"@id\":\"https:\\\/\\\/frankevents.ee\\\/en\\\/news\\\/kontsertlavastus-mis-viis-vaatajad-rannakule-labi-kaubanduskoja-ajaloo\\\/#breadcrumb\"},\"inLanguage\":\"en-US\",\"potentialAction\":[{\"@type\":\"ReadAction\",\"target\":[\"https:\\\/\\\/frankevents.ee\\\/en\\\/news\\\/kontsertlavastus-mis-viis-vaatajad-rannakule-labi-kaubanduskoja-ajaloo\\\/\"]}]},{\"@type\":\"ImageObject\",\"inLanguage\":\"en-US\",\"@id\":\"https:\\\/\\\/frankevents.ee\\\/en\\\/news\\\/kontsertlavastus-mis-viis-vaatajad-rannakule-labi-kaubanduskoja-ajaloo\\\/#primaryimage\",\"url\":\"https:\\\/\\\/frankevents.ee\\\/wp-content\\\/uploads\\\/Koda100-2655.jpg\",\"contentUrl\":\"https:\\\/\\\/frankevents.ee\\\/wp-content\\\/uploads\\\/Koda100-2655.jpg\",\"width\":1600,\"height\":1067,\"caption\":\"Koda 100 juubeli\u00fcritus Kruiisiterminalis\"},{\"@type\":\"BreadcrumbList\",\"@id\":\"https:\\\/\\\/frankevents.ee\\\/en\\\/news\\\/kontsertlavastus-mis-viis-vaatajad-rannakule-labi-kaubanduskoja-ajaloo\\\/#breadcrumb\",\"itemListElement\":[{\"@type\":\"ListItem\",\"position\":1,\"name\":\"Home\",\"item\":\"https:\\\/\\\/frankevents.ee\\\/en\\\/\"},{\"@type\":\"ListItem\",\"position\":2,\"name\":\"A musical production guiding the audience through the Chamber of Commerce\u2019s history\"}]},{\"@type\":\"WebSite\",\"@id\":\"https:\\\/\\\/frankevents.ee\\\/en\\\/#website\",\"url\":\"https:\\\/\\\/frankevents.ee\\\/en\\\/\",\"name\":\"Frank Events\",\"description\":\"\u00dcritusturundusagentuur aastast 2007!\",\"publisher\":{\"@id\":\"https:\\\/\\\/frankevents.ee\\\/en\\\/#organization\"},\"potentialAction\":[{\"@type\":\"SearchAction\",\"target\":{\"@type\":\"EntryPoint\",\"urlTemplate\":\"https:\\\/\\\/frankevents.ee\\\/en\\\/?s={search_term_string}\"},\"query-input\":{\"@type\":\"PropertyValueSpecification\",\"valueRequired\":true,\"valueName\":\"search_term_string\"}}],\"inLanguage\":\"en-US\"},{\"@type\":\"Organization\",\"@id\":\"https:\\\/\\\/frankevents.ee\\\/en\\\/#organization\",\"name\":\"Frank Events\",\"url\":\"https:\\\/\\\/frankevents.ee\\\/en\\\/\",\"logo\":{\"@type\":\"ImageObject\",\"inLanguage\":\"en-US\",\"@id\":\"https:\\\/\\\/frankevents.ee\\\/en\\\/#\\\/schema\\\/logo\\\/image\\\/\",\"url\":\"https:\\\/\\\/frankevents.ee\\\/wp-content\\\/uploads\\\/Franki-logo-transparent.png\",\"contentUrl\":\"https:\\\/\\\/frankevents.ee\\\/wp-content\\\/uploads\\\/Franki-logo-transparent.png\",\"width\":500,\"height\":500,\"caption\":\"Frank Events\"},\"image\":{\"@id\":\"https:\\\/\\\/frankevents.ee\\\/en\\\/#\\\/schema\\\/logo\\\/image\\\/\"},\"sameAs\":[\"https:\\\/\\\/www.facebook.com\\\/frankevents.ee\",\"https:\\\/\\\/www.linkedin.com\\\/company\\\/frank-events\\\/\",\"https:\\\/\\\/www.instagram.com\\\/frankevents\"]},{\"@type\":\"Person\",\"@id\":\"https:\\\/\\\/frankevents.ee\\\/en\\\/#\\\/schema\\\/person\\\/e5170854cf3fb755f6b6a8c48820323c\",\"name\":\"lisbeth\",\"image\":{\"@type\":\"ImageObject\",\"inLanguage\":\"en-US\",\"@id\":\"https:\\\/\\\/secure.gravatar.com\\\/avatar\\\/3c7cd07d910cb25656c472653658cd7bb998bce76d1b6f331627c079361771e9?s=96&d=mm&r=g\",\"url\":\"https:\\\/\\\/secure.gravatar.com\\\/avatar\\\/3c7cd07d910cb25656c472653658cd7bb998bce76d1b6f331627c079361771e9?s=96&d=mm&r=g\",\"contentUrl\":\"https:\\\/\\\/secure.gravatar.com\\\/avatar\\\/3c7cd07d910cb25656c472653658cd7bb998bce76d1b6f331627c079361771e9?s=96&d=mm&r=g\",\"caption\":\"lisbeth\"},\"url\":\"https:\\\/\\\/frankevents.ee\\\/en\\\/author\\\/lisbeth\\\/\"}]}<\/script>\n<!-- \/ Yoast SEO plugin. -->","yoast_head_json":{"title":"A musical production guiding the audience through the Chamber of Commerce\u2019s history - Frank Events","description":"This event brought together leading voices in entrepreneurship at the Cruise Terminal. We were honored to organize the event. Read more!","robots":{"index":"index","follow":"follow","max-snippet":"max-snippet:-1","max-image-preview":"max-image-preview:large","max-video-preview":"max-video-preview:-1"},"canonical":"https:\/\/frankevents.ee\/en\/news\/kontsertlavastus-mis-viis-vaatajad-rannakule-labi-kaubanduskoja-ajaloo\/","og_locale":"en_US","og_type":"article","og_title":"A musical production guiding the audience through the Chamber of Commerce\u2019s history - Frank Events","og_description":"This event brought together leading voices in entrepreneurship at the Cruise Terminal. We were honored to organize the event. Read more!","og_url":"https:\/\/frankevents.ee\/en\/news\/kontsertlavastus-mis-viis-vaatajad-rannakule-labi-kaubanduskoja-ajaloo\/","og_site_name":"Frank Events","article_publisher":"https:\/\/www.facebook.com\/frankevents.ee","article_published_time":"2025-11-26T13:40:09+00:00","article_modified_time":"2026-01-23T08:25:49+00:00","og_image":[{"width":1600,"height":1067,"url":"https:\/\/frankevents.ee\/wp-content\/uploads\/Koda100-2655.jpg","type":"image\/jpeg"}],"author":"lisbeth","twitter_card":"summary_large_image","twitter_misc":{"Written by":"lisbeth","Est. reading time":"3 minutes"},"schema":{"@context":"https:\/\/schema.org","@graph":[{"@type":"Article","@id":"https:\/\/frankevents.ee\/en\/news\/kontsertlavastus-mis-viis-vaatajad-rannakule-labi-kaubanduskoja-ajaloo\/#article","isPartOf":{"@id":"https:\/\/frankevents.ee\/en\/news\/kontsertlavastus-mis-viis-vaatajad-rannakule-labi-kaubanduskoja-ajaloo\/"},"author":{"name":"lisbeth","@id":"https:\/\/frankevents.ee\/en\/#\/schema\/person\/e5170854cf3fb755f6b6a8c48820323c"},"headline":"A musical production guiding the audience through the Chamber of Commerce\u2019s history","datePublished":"2025-11-26T13:40:09+00:00","dateModified":"2026-01-23T08:25:49+00:00","mainEntityOfPage":{"@id":"https:\/\/frankevents.ee\/en\/news\/kontsertlavastus-mis-viis-vaatajad-rannakule-labi-kaubanduskoja-ajaloo\/"},"wordCount":466,"publisher":{"@id":"https:\/\/frankevents.ee\/en\/#organization"},"image":{"@id":"https:\/\/frankevents.ee\/en\/news\/kontsertlavastus-mis-viis-vaatajad-rannakule-labi-kaubanduskoja-ajaloo\/#primaryimage"},"thumbnailUrl":"https:\/\/frankevents.ee\/wp-content\/uploads\/Koda100-2655.jpg","articleSection":["News"],"inLanguage":"en-US"},{"@type":"WebPage","@id":"https:\/\/frankevents.ee\/en\/news\/kontsertlavastus-mis-viis-vaatajad-rannakule-labi-kaubanduskoja-ajaloo\/","url":"https:\/\/frankevents.ee\/en\/news\/kontsertlavastus-mis-viis-vaatajad-rannakule-labi-kaubanduskoja-ajaloo\/","name":"A musical production guiding the audience through the Chamber of Commerce\u2019s history - Frank Events","isPartOf":{"@id":"https:\/\/frankevents.ee\/en\/#website"},"primaryImageOfPage":{"@id":"https:\/\/frankevents.ee\/en\/news\/kontsertlavastus-mis-viis-vaatajad-rannakule-labi-kaubanduskoja-ajaloo\/#primaryimage"},"image":{"@id":"https:\/\/frankevents.ee\/en\/news\/kontsertlavastus-mis-viis-vaatajad-rannakule-labi-kaubanduskoja-ajaloo\/#primaryimage"},"thumbnailUrl":"https:\/\/frankevents.ee\/wp-content\/uploads\/Koda100-2655.jpg","datePublished":"2025-11-26T13:40:09+00:00","dateModified":"2026-01-23T08:25:49+00:00","description":"This event brought together leading voices in entrepreneurship at the Cruise Terminal. We were honored to organize the event. Read more!","breadcrumb":{"@id":"https:\/\/frankevents.ee\/en\/news\/kontsertlavastus-mis-viis-vaatajad-rannakule-labi-kaubanduskoja-ajaloo\/#breadcrumb"},"inLanguage":"en-US","potentialAction":[{"@type":"ReadAction","target":["https:\/\/frankevents.ee\/en\/news\/kontsertlavastus-mis-viis-vaatajad-rannakule-labi-kaubanduskoja-ajaloo\/"]}]},{"@type":"ImageObject","inLanguage":"en-US","@id":"https:\/\/frankevents.ee\/en\/news\/kontsertlavastus-mis-viis-vaatajad-rannakule-labi-kaubanduskoja-ajaloo\/#primaryimage","url":"https:\/\/frankevents.ee\/wp-content\/uploads\/Koda100-2655.jpg","contentUrl":"https:\/\/frankevents.ee\/wp-content\/uploads\/Koda100-2655.jpg","width":1600,"height":1067,"caption":"Koda 100 juubeli\u00fcritus Kruiisiterminalis"},{"@type":"BreadcrumbList","@id":"https:\/\/frankevents.ee\/en\/news\/kontsertlavastus-mis-viis-vaatajad-rannakule-labi-kaubanduskoja-ajaloo\/#breadcrumb","itemListElement":[{"@type":"ListItem","position":1,"name":"Home","item":"https:\/\/frankevents.ee\/en\/"},{"@type":"ListItem","position":2,"name":"A musical production guiding the audience through the Chamber of Commerce\u2019s history"}]},{"@type":"WebSite","@id":"https:\/\/frankevents.ee\/en\/#website","url":"https:\/\/frankevents.ee\/en\/","name":"Frank Events","description":"\u00dcritusturundusagentuur aastast 2007!","publisher":{"@id":"https:\/\/frankevents.ee\/en\/#organization"},"potentialAction":[{"@type":"SearchAction","target":{"@type":"EntryPoint","urlTemplate":"https:\/\/frankevents.ee\/en\/?s={search_term_string}"},"query-input":{"@type":"PropertyValueSpecification","valueRequired":true,"valueName":"search_term_string"}}],"inLanguage":"en-US"},{"@type":"Organization","@id":"https:\/\/frankevents.ee\/en\/#organization","name":"Frank Events","url":"https:\/\/frankevents.ee\/en\/","logo":{"@type":"ImageObject","inLanguage":"en-US","@id":"https:\/\/frankevents.ee\/en\/#\/schema\/logo\/image\/","url":"https:\/\/frankevents.ee\/wp-content\/uploads\/Franki-logo-transparent.png","contentUrl":"https:\/\/frankevents.ee\/wp-content\/uploads\/Franki-logo-transparent.png","width":500,"height":500,"caption":"Frank Events"},"image":{"@id":"https:\/\/frankevents.ee\/en\/#\/schema\/logo\/image\/"},"sameAs":["https:\/\/www.facebook.com\/frankevents.ee","https:\/\/www.linkedin.com\/company\/frank-events\/","https:\/\/www.instagram.com\/frankevents"]},{"@type":"Person","@id":"https:\/\/frankevents.ee\/en\/#\/schema\/person\/e5170854cf3fb755f6b6a8c48820323c","name":"lisbeth","image":{"@type":"ImageObject","inLanguage":"en-US","@id":"https:\/\/secure.gravatar.com\/avatar\/3c7cd07d910cb25656c472653658cd7bb998bce76d1b6f331627c079361771e9?s=96&d=mm&r=g","url":"https:\/\/secure.gravatar.com\/avatar\/3c7cd07d910cb25656c472653658cd7bb998bce76d1b6f331627c079361771e9?s=96&d=mm&r=g","contentUrl":"https:\/\/secure.gravatar.com\/avatar\/3c7cd07d910cb25656c472653658cd7bb998bce76d1b6f331627c079361771e9?s=96&d=mm&r=g","caption":"lisbeth"},"url":"https:\/\/frankevents.ee\/en\/author\/lisbeth\/"}]}},"_links":{"self":[{"href":"https:\/\/frankevents.ee\/en\/wp-json\/wp\/v2\/posts\/20714","targetHints":{"allow":["GET"]}}],"collection":[{"href":"https:\/\/frankevents.ee\/en\/wp-json\/wp\/v2\/posts"}],"about":[{"href":"https:\/\/frankevents.ee\/en\/wp-json\/wp\/v2\/types\/post"}],"author":[{"embeddable":true,"href":"https:\/\/frankevents.ee\/en\/wp-json\/wp\/v2\/users\/7"}],"replies":[{"embeddable":true,"href":"https:\/\/frankevents.ee\/en\/wp-json\/wp\/v2\/comments?post=20714"}],"version-history":[{"count":2,"href":"https:\/\/frankevents.ee\/en\/wp-json\/wp\/v2\/posts\/20714\/revisions"}],"predecessor-version":[{"id":20716,"href":"https:\/\/frankevents.ee\/en\/wp-json\/wp\/v2\/posts\/20714\/revisions\/20716"}],"wp:featuredmedia":[{"embeddable":true,"href":"https:\/\/frankevents.ee\/en\/wp-json\/wp\/v2\/media\/20168"}],"wp:attachment":[{"href":"https:\/\/frankevents.ee\/en\/wp-json\/wp\/v2\/media?parent=20714"}],"wp:term":[{"taxonomy":"category","embeddable":true,"href":"https:\/\/frankevents.ee\/en\/wp-json\/wp\/v2\/categories?post=20714"},{"taxonomy":"post_tag","embeddable":true,"href":"https:\/\/frankevents.ee\/en\/wp-json\/wp\/v2\/tags?post=20714"}],"curies":[{"name":"wp","href":"https:\/\/api.w.org\/{rel}","templated":true}]}}